{"id":4481,"date":"2026-08-30T19:30:40","date_gmt":"2026-08-30T17:30:40","guid":{"rendered":"https:\/\/www.parafiajanow.pl\/?p=4481"},"modified":"2026-08-31T12:05:21","modified_gmt":"2026-08-31T10:05:21","slug":"intencje-mszalne-31-sierpnia-6-wrzesnia-2026-r","status":"publish","type":"post","link":"https:\/\/www.parafiajanow.pl\/index.php\/2026\/08\/30\/intencje-mszalne-31-sierpnia-6-wrzesnia-2026-r\/","title":{"rendered":"Intencje mszalne 31 sierpnia &#8211; 6 wrze\u015bnia 2026 r."},"content":{"rendered":"<p><span style=\"color: #000000;\"><strong>PONIEDZIA\u0141EK \u2013 31.08.2026<\/strong><\/span><\/p>\n<p><span style=\"color: #000000;\">Godz. 6.30&nbsp;&nbsp; &#8211; +Pawe\u0142, W\u0142adys\u0142awa, J\u00f3zef, Zenon KR\u00d3L<\/span><\/p>\n<p><span style=\"color: #000000;\">Godz. 6.30&nbsp;&nbsp; &#8211; +Stanis\u0142aw PITUCH<\/span><\/p>\n<p><span style=\"color: #000000;\">Godz. 6.30&nbsp;&nbsp; &#8211; +W\u0142adys\u0142awa KOWALSKA (30 dz. po \u015bm.)<\/span><\/p>\n<p><span style=\"color: #000000;\">Godz. 7.00&nbsp;&nbsp; &#8211; +Antoni \u0141UKASIK<\/span><\/p>\n<p><span style=\"color: #000000;\">Godz. 7.00&nbsp;&nbsp; &#8211; +Janina ADAMEK (4 r.\u015bm.)<\/span><\/p>\n<p><span style=\"color: #000000;\">Godz. 18.30 &#8211; +Stanis\u0142aw PIEKUTOWSKI (21 r.\u015bm.), Katarzyna, Jan KAPRO\u0143<\/span><\/p>\n<p><span style=\"color: #000000;\">Godz. 18.30 &#8211; +J\u00f3zef GRZEG\u00d3RSKI<\/span><\/p>\n<p>&nbsp;<\/p>\n<p><span style=\"color: #000000;\"><strong>WTOREK \u2013 1.09.2026<\/strong><\/span><\/p>\n<p><span style=\"color: #000000;\">Godz. 6.30&nbsp;&nbsp; &#8211; +J\u00f3zef KOTU\u0141A (greg. 1)<\/span><\/p>\n<p><span style=\"color: #000000;\">Godz. 6.30&nbsp;&nbsp; &#8211; +Ma\u0142gorzata MA\u0141EK<\/span><\/p>\n<p><span style=\"color: #000000;\">Godz. 7.00&nbsp;&nbsp; &#8211; +Krystyna WOJCIECHOWSKA<\/span><\/p>\n<p><span style=\"color: #000000;\">Godz. 8.00&nbsp;&nbsp; &#8211; W intencji spo\u0142eczno\u015bci Szko\u0142y Podstawowej<\/span><\/p>\n<p><span style=\"color: #000000;\">Godz. 9.00&nbsp;&nbsp; &#8211; W intencji spo\u0142eczno\u015bci OREW-u<\/span><\/p>\n<p><span style=\"color: #000000;\">Godz. 18.30 &#8211; +Bronis\u0142awa, Kazimierz W\u00d3JCIK<\/span><\/p>\n<p><span style=\"color: #000000;\">Godz. 18.30 &#8211; +Emilia (7 r.\u015bm.), Bart\u0142omiej (56 r.\u015bm.)<\/span><\/p>\n<p>&nbsp;<\/p>\n<p><span style=\"color: #000000;\"><strong>\u015aRODA \u2013 2.09.2026<\/strong><\/span><\/p>\n<p><span style=\"color: #000000;\">Godz. 6.30&nbsp;&nbsp; &#8211; O b\u0142. Bo\u017ce dla Zofii i Andrzeja w 31 r. \u015blubu<\/span><\/p>\n<p><span style=\"color: #000000;\">Godz. 6.30&nbsp;&nbsp; &#8211; +J\u00f3zef KOTU\u0141A (greg.)<\/span><\/p>\n<p><span style=\"color: #000000;\">Godz. 7.00&nbsp;&nbsp; &#8211; O b\u0142. Bo\u017ce dla Justyny i Mariusza w 20 r. \u015blubu <\/span><span style=\"color: #000000;\">i&nbsp; Zuzanny w 18 r. urodzin<\/span><\/p>\n<p><span style=\"color: #000000;\">Godz. 7.00&nbsp;&nbsp; &#8211; +Janina WIELEBA<\/span><\/p>\n<p><span style=\"color: #000000;\">Godz. 7.00&nbsp;&nbsp; &#8211; +Piotr WASZCZUK<\/span><\/p>\n<p><span style=\"color: #000000;\">Godz. 18.30 &#8211; +Giovanni CHICCO&nbsp;<\/span><\/p>\n<p><span style=\"color: #000000;\">Godz. 18.30 &#8211; Intencje nowenny i Mszy \u015awi\u0119tej zbiorowej&nbsp;<\/span><\/p>\n<p>&nbsp;<\/p>\n<p><span style=\"color: #000000;\"><strong>CZWARTEK \u2013 3.09.2026 <\/strong><\/span><\/p>\n<p><span style=\"color: #000000;\">Godz. 6.30&nbsp;&nbsp; &#8211; +J\u00f3zef KOTU\u0141A (greg.)<\/span><\/p>\n<p><span style=\"color: #000000;\">Godz. 6.30&nbsp;&nbsp; &#8211; +Iwona SZYSZKOWSKA<\/span><\/p>\n<p><span style=\"color: #000000;\">Godz. 7.00&nbsp;&nbsp; &#8211; +Danuta DZIKOWIEC<\/span><\/p>\n<p><span style=\"color: #000000;\">Godz. 7.00&nbsp;&nbsp; &#8211; +Tomasz ORZE\u0141<\/span><\/p>\n<p><span style=\"color: #000000;\">Godz. 18.30 &#8211; +Stanis\u0142aw KOKOSZKA (18 r.\u015bm.)<\/span><\/p>\n<p><span style=\"color: #000000;\">Godz. 18.30 &#8211; +Jerzy TOMCZYK<\/span><\/p>\n<p><span style=\"color: #000000;\">Godz. 18.30 &#8211; +Apolonia \u0106WIEK<\/span><\/p>\n<p><span style=\"color: #000000;\"><strong>&nbsp;<\/strong><\/span><span style=\"color: #000000;\"><strong><\/strong><\/span><\/p>\n<p><span style=\"color: #000000;\"><strong>PI\u0104TEK \u2013 4.09.2026 <\/strong><\/span><\/p>\n<p><span style=\"color: #000000;\">Godz. 6.30&nbsp;&nbsp; &#8211; +J\u00f3zef KOTU\u0141A (greg.)<\/span><\/p>\n<p><span style=\"color: #000000;\">Godz. 6.30&nbsp;&nbsp; &#8211; +Marian \u017bO\u0141YNIA<\/span><\/p>\n<p><span style=\"color: #000000;\">Godz. 7.00&nbsp;&nbsp; &#8211; +Bo\u017cena MALINOWSKA<\/span><\/p>\n<p><span style=\"color: #000000;\">Godz. 7.00&nbsp;&nbsp; &#8211; +Janina, Bronis\u0142aw KOWALCZYK<\/span><\/p>\n<p><span style=\"color: #000000;\">Godz. 16.00 &#8211; +Tomasz ORZE\u0141<\/span><\/p>\n<p><span style=\"color: #000000;\">Godz. 18.30 &#8211; +W\u0142adys\u0142aw, Anna i zm. z rodziny<\/span><\/p>\n<p>&nbsp;<\/p>\n<p><span style=\"color: #000000;\"><strong>SOBOTA \u2013 5.09.2026<\/strong><\/span><\/p>\n<p><span style=\"color: #000000;\">Godz. 6.30&nbsp;&nbsp; &#8211; +J\u00f3zef KOTU\u0141A (greg.)<\/span><\/p>\n<p><span style=\"color: #000000;\">Godz. 7.00&nbsp;&nbsp; &#8211; +Piotr (25 r.\u015bm.)<\/span><\/p>\n<p><span style=\"color: #000000;\">Godz. 7.00&nbsp;&nbsp; &#8211; +Stanis\u0142awa CIASNOCHA<\/span><\/p>\n<p><span style=\"color: #000000;\">Godz. 18.00 &#8211; na cmentarzu<\/span><\/p>\n<p><span style=\"color: #000000;\">Godz. 18.30 &#8211; Intencje Mszy \u015awi\u0119tej zbiorowej&nbsp;<\/span><\/p>\n<p>&nbsp;<\/p>\n<p><span style=\"color: #ff0000;\"><strong>NIEDZIELA \u2013 6.09.2026<\/strong><\/span><\/p>\n<p><span style=\"color: #000000;\">Godz. 7.00&nbsp;&nbsp; &#8211; +J\u00f3zef KOTU\u0141A (greg.)<\/span><\/p>\n<p><span style=\"color: #000000;\">Godz. 8.00&nbsp;&nbsp; &#8211; +Adam RUGA\u0141A<\/span><\/p>\n<p><span style=\"color: #000000;\">Godz. 10.00 &#8211; O b\u0142. Bo\u017ce i opiek\u0119 MB dla Lucyny i Tadeusza w 40 r. \u015blubu<\/span><\/p>\n<p><span style=\"color: #000000;\">Godz. 12.00 &#8211; O b\u0142. Bo\u017ce dla Agaty i Piotra w 7 r. \u015blubu<\/span><\/p>\n<p><span style=\"color: #000000;\">Godz. 16.00 &#8211; +Stanis\u0142awa SKUBIK<\/span><\/p>\n<p><span style=\"color: #000000;\">Godz. 18.30 &#8211; +J\u00f3zef, Maria, Adam, Mieczys\u0142aw, Marek z r. GARBUL\u00d3W<\/span><\/p>\n","protected":false},"excerpt":{"rendered":"<p>PONIEDZIA\u0141EK \u2013 31.08.2026 Godz. 6.30&nbsp;&nbsp; &#8211; +Pawe\u0142, W\u0142adys\u0142awa, J\u00f3zef, Zenon KR\u00d3L Godz. 6.30&nbsp;&nbsp; &#8211; +Stanis\u0142aw PITUCH Godz. 6.30&nbsp;&nbsp; &#8211; +W\u0142adys\u0142awa KOWALSKA (30 dz. po \u015bm.) Godz. 7.00&nbsp;&nbsp; &#8211; +Antoni \u0141UKASIK Godz. 7.00&nbsp;&nbsp; &#8211; +Janina ADAMEK (4 r.\u015bm.) Godz. 18.30 &#8211; +Stanis\u0142aw PIEKUTOWSKI (21 r.\u015bm.), Katarzyna, Jan KAPRO\u0143 Godz. 18.30 &#8211; [&hellip;]<\/p>\n","protected":false},"author":7,"featured_media":627,"comment_status":"closed","ping_status":"closed","sticky":false,"template":"","format":"standard","meta":{"ngg_post_thumbnail":0,"footnotes":""},"categories":[14],"tags":[],"class_list":["post-4481","post","type-post","status-publish","format-standard","has-post-thumbnail","hentry","category-intencje"],"_links":{"self":[{"href":"https:\/\/www.parafiajanow.pl\/index.php\/wp-json\/wp\/v2\/posts\/4481","targetHints":{"allow":["GET"]}}],"collection":[{"href":"https:\/\/www.parafiajanow.pl\/index.php\/wp-json\/wp\/v2\/posts"}],"about":[{"href":"https:\/\/www.parafiajanow.pl\/index.php\/wp-json\/wp\/v2\/types\/post"}],"author":[{"embeddable":true,"href":"https:\/\/www.parafiajanow.pl\/index.php\/wp-json\/wp\/v2\/users\/7"}],"replies":[{"embeddable":true,"href":"https:\/\/www.parafiajanow.pl\/index.php\/wp-json\/wp\/v2\/comments?post=4481"}],"version-history":[{"count":6,"href":"https:\/\/www.parafiajanow.pl\/index.php\/wp-json\/wp\/v2\/posts\/4481\/revisions"}],"predecessor-version":[{"id":4522,"href":"https:\/\/www.parafiajanow.pl\/index.php\/wp-json\/wp\/v2\/posts\/4481\/revisions\/4522"}],"wp:featuredmedia":[{"embeddable":true,"href":"https:\/\/www.parafiajanow.pl\/index.php\/wp-json\/wp\/v2\/media\/627"}],"wp:attachment":[{"href":"https:\/\/www.parafiajanow.pl\/index.php\/wp-json\/wp\/v2\/media?parent=4481"}],"wp:term":[{"taxonomy":"category","embeddable":true,"href":"https:\/\/www.parafiajanow.pl\/index.php\/wp-json\/wp\/v2\/categories?post=4481"},{"taxonomy":"post_tag","embeddable":true,"href":"https:\/\/www.parafiajanow.pl\/index.php\/wp-json\/wp\/v2\/tags?post=4481"}],"curies":[{"name":"wp","href":"https:\/\/api.w.org\/{rel}","templated":true}]}}