{"id":4479,"date":"2026-08-29T19:24:42","date_gmt":"2026-08-29T17:24:42","guid":{"rendered":"https:\/\/www.parafiajanow.pl\/?p=4479"},"modified":"2026-08-29T16:00:10","modified_gmt":"2026-08-29T14:00:10","slug":"ogloszenia-30-sierpnia-2026-r","status":"publish","type":"post","link":"https:\/\/www.parafiajanow.pl\/index.php\/2026\/08\/29\/ogloszenia-30-sierpnia-2026-r\/","title":{"rendered":"Og\u0142oszenia &#8211; 30 sierpnia 2026 r."},"content":{"rendered":"<ol>\n<li><span style=\"color: #000000;\"><strong> <\/strong>We wtorek 87. rocznica wybuchu II Wojny \u015awiatowej. Pami\u0119tajmy w modlitwie szczeg\u00f3lnie o tych, kt\u00f3rzy oddali \u017cycie w obronie Ojczyzny. W tym dniu zapraszamy spo\u0142eczno\u015bci Przedszkoli i Szko\u0142y Podstawowej na Msz\u0119 \u015aw. o godz. 8.00, podczas kt\u00f3rej b\u0119dziemy prosi\u0107 o Bo\u017ce b\u0142ogos\u0142awie\u0144stwo na czas nauki w nowym roku szkolnym. Oko\u0142o godz. 9.15 rozpocz\u0119cie dla wszystkich uczni\u00f3w szko\u0142y podstawowej (kl. I-VIII) w hali sportowej przy ul. Ks. Skorupki 11. O godz. 9.00 Msza \u015aw. dla OREWu. Msza \u015aw. dla szk\u00f3\u0142 ponadpodstawowych o godz. 8.00 w Sanktuarium<\/span><\/li>\n<li><span style=\"color: #000000;\"><strong> <\/strong>W tym tygodniu pierwszy czwartek, pi\u0105tek i sobota miesi\u0105ca. W czwartek adoracja Naj\u015bwi\u0119tszego Sakramentu od godz. 17.30, na kt\u00f3r\u0105 zaprasza Wsp\u00f3lnota Domowego Ko\u015bcio\u0142a, w pi\u0105tek adoracja po dodatkowej Mszy \u015aw. o godz. 16.00, a w sobot\u0119 po Mszy \u015aw. wieczornej. W sobot\u0119 o godz. 19.30 nabo\u017ce\u0144stwo do Matki Bo\u017cej. Szczeg\u00f3lna okazja do spowiedzi w pi\u0105tek od godz. 15.45. Zmiana tajemnic r\u00f3\u017ca\u0144cowych w niedziel\u0119 po sumie.<\/span><\/li>\n<li><span style=\"color: #000000;\"><strong> <\/strong>W sobot\u0119 o godz. 18.00 Msza \u015aw. na cmentarzu za zmar\u0142ych Parafian w zwi\u0105zku z odpustem w Sanktuarium.<\/span><\/li>\n<li><span style=\"color: #000000;\"><strong> <\/strong>8 wrze\u015bnia odpust janowski w Sanktuarium po\u0142\u0105czony z do\u017cynkami dekanalnymi: 10.30 &#8211; prezentacja wie\u0144c\u00f3w do\u017cynkowych, 12.00 &#8211; suma odpustowa i procesja z wie\u0144cami po placu maryjnym.<\/span><\/li>\n<li><span style=\"color: #000000;\"><strong> <\/strong>Na dzi\u0119kczynne parafialne do\u017cynki za tegoroczne plony zapraszamy z wie\u0144cami 13 wrze\u015bnia o godz. 12.00. B\u0119d\u0105 one po\u0142\u0105czone z drug\u0105 cz\u0119\u015bci\u0105 jubileuszowego dzi\u0119kczynienia za 30 lat naszej Wsp\u00f3lnoty Parafialnej. Zapraszamy do wsp\u00f3lnej modlitwy za \u017cyj\u0105cych i zmar\u0142ych dobroczy\u0144c\u00f3w Parafii. Po Mszy o godz. 12.00 spotkanie integracyjne w ogrodzie parafialnym.<\/span><\/li>\n<li><span style=\"color: #000000;\"><strong> <\/strong>Spotkanie rozpoczynaj\u0105ce rok formacyjny przed bierzmowaniem dla uczni\u00f3w klas 6, 7 i 8 oraz ich rodzic\u00f3w lub opiekun\u00f3w b\u0119dzie w sobot\u0119, 12 wrze\u015bnia po Mszy \u015aw. wieczornej. Obecno\u015b\u0107 obowi\u0105zkowa.<\/span><\/li>\n<li><strong> <\/strong><span style=\"color: #000000;\">Msze \u015aw. dla rodzin z dzie\u0107mi o godz. 10.00 wznowimy od 13 wrze\u015bnia, w\u00f3wczas najm\u0142odsi otrzymaj\u0105 materia\u0142y na najbli\u017cszy rok. Wtedy te\u017c b\u0119dzie po\u015bwi\u0119cenie tornistr\u00f3w i przybor\u00f3w szkolnych.<\/span><\/li>\n<li><span style=\"color: #000000;\"><strong> <\/strong>M\u0142odzie\u017c naszej parafii zaprasza na Spektakl muzyczny pt. \u201eSzyba\u201d w Janowskim O\u015brodku Kultury w \u015brod\u0119, 16 wrze\u015bnia. W trakcie wydarzenia b\u0119dzie mo\u017cna wesprze\u0107 finansowo kontynuacj\u0119 kosztowej rehabilitacji naszej parafianki Karoliny Brzozowskiej. W zakrystii s\u0105 jeszcze obowi\u0105zkowe darmowe bilety na godz. 17.00. Szczeg\u00f3\u0142y na plakatach i parafialnym Facebooku.<\/span><\/li>\n<li><span style=\"color: #000000;\"><strong> <\/strong>Dzi\u0119kujemy za ofiary bezimienne na potrzeby Parafii: chorzy 900 i 500 na kwiaty przy ikonie Mi\u0142osierdzia.<\/span><\/li>\n<li><span style=\"color: #000000;\"><strong> <\/strong>Zako\u0144czy\u0142 si\u0119 remont dzwonnicy, trzeba jeszcze odnowi\u0107 bramy. Bardzo dzi\u0119kujemy za wsparcie.<\/span><\/li>\n<li><span style=\"color: #000000;\"><strong> <\/strong>Z ca\u0142ego serca dzi\u0119kujemy te\u017c za pi\u0119kn\u0105 postaw\u0119, modlitw\u0119 oraz liczn\u0105 obecno\u015b\u0107 podczas nawiedzenia Ikony Jezusa Mi\u0142osiernego. S\u0142owa szczeg\u00f3lnej wdzi\u0119czno\u015bci kierujemy do wszystkich, kt\u00f3rzy w\u0142\u0105czyli si\u0119 w przygotowanie tej uroczysto\u015bci: za udekorowanie ko\u015bcio\u0142a i trasy, opraw\u0119 liturgiczn\u0105 oraz ka\u017cdy trud w\u0142o\u017cony w to modlitewne spotkanie. Niech owoce tego \u015bwi\u0119tego czasu trwaj\u0105 w Waszych sercach i rodzinach, a Jezus Mi\u0142osierny udziela obfitych \u0142ask.<\/span><\/li>\n<li><span style=\"color: #000000;\"><strong> <\/strong>Od jutra kancelaria czynna od poniedzia\u0142ku do pi\u0105tku z wyj\u0105tkiem \u015bwi\u0105t i I pi\u0105tk\u00f3w miesi\u0105ca od 17.00 do 17.45. Od przysz\u0142ej niedzieli przywracamy Msze \u015aw. o godz. 16.00.<\/span><\/li>\n<li><span style=\"color: #000000;\"><strong> <\/strong>Zach\u0119camy do lektury prasy katolickiej, kt\u00f3ra jest do nabycia w zakrystii oraz korzystania z biblioteki parafialnej.<\/span><\/li>\n<li><span style=\"color: #000000;\"><strong> <\/strong>W minionym tygodniu do wieczno\u015bci odszed\u0142: \u015bp. Czes\u0142aw Wicha z ul. Wiejskiej. Polecaj\u0105c zmar\u0142ych mi\u0142osierdziu Bo\u017cemu m\u00f3dlmy si\u0119: Wieczne odpoczywanie\u2026<\/span><\/li>\n<\/ol>\n","protected":false},"excerpt":{"rendered":"<p>We wtorek 87. rocznica wybuchu II Wojny \u015awiatowej. Pami\u0119tajmy w modlitwie szczeg\u00f3lnie o tych, kt\u00f3rzy oddali \u017cycie w obronie Ojczyzny. W tym dniu zapraszamy spo\u0142eczno\u015bci Przedszkoli i Szko\u0142y Podstawowej na Msz\u0119 \u015aw. o godz. 8.00, podczas kt\u00f3rej b\u0119dziemy prosi\u0107 o Bo\u017ce b\u0142ogos\u0142awie\u0144stwo na czas nauki w nowym roku szkolnym. Oko\u0142o [&hellip;]<\/p>\n","protected":false},"author":7,"featured_media":463,"comment_status":"closed","ping_status":"closed","sticky":false,"template":"","format":"standard","meta":{"ngg_post_thumbnail":0,"footnotes":""},"categories":[4],"tags":[],"class_list":["post-4479","post","type-post","status-publish","format-standard","has-post-thumbnail","hentry","category-ogloszenia"],"_links":{"self":[{"href":"https:\/\/www.parafiajanow.pl\/index.php\/wp-json\/wp\/v2\/posts\/4479","targetHints":{"allow":["GET"]}}],"collection":[{"href":"https:\/\/www.parafiajanow.pl\/index.php\/wp-json\/wp\/v2\/posts"}],"about":[{"href":"https:\/\/www.parafiajanow.pl\/index.php\/wp-json\/wp\/v2\/types\/post"}],"author":[{"embeddable":true,"href":"https:\/\/www.parafiajanow.pl\/index.php\/wp-json\/wp\/v2\/users\/7"}],"replies":[{"embeddable":true,"href":"https:\/\/www.parafiajanow.pl\/index.php\/wp-json\/wp\/v2\/comments?post=4479"}],"version-history":[{"count":9,"href":"https:\/\/www.parafiajanow.pl\/index.php\/wp-json\/wp\/v2\/posts\/4479\/revisions"}],"predecessor-version":[{"id":4518,"href":"https:\/\/www.parafiajanow.pl\/index.php\/wp-json\/wp\/v2\/posts\/4479\/revisions\/4518"}],"wp:featuredmedia":[{"embeddable":true,"href":"https:\/\/www.parafiajanow.pl\/index.php\/wp-json\/wp\/v2\/media\/463"}],"wp:attachment":[{"href":"https:\/\/www.parafiajanow.pl\/index.php\/wp-json\/wp\/v2\/media?parent=4479"}],"wp:term":[{"taxonomy":"category","embeddable":true,"href":"https:\/\/www.parafiajanow.pl\/index.php\/wp-json\/wp\/v2\/categories?post=4479"},{"taxonomy":"post_tag","embeddable":true,"href":"https:\/\/www.parafiajanow.pl\/index.php\/wp-json\/wp\/v2\/tags?post=4479"}],"curies":[{"name":"wp","href":"https:\/\/api.w.org\/{rel}","templated":true}]}}