{"id":4473,"date":"2026-08-22T19:15:40","date_gmt":"2026-08-22T17:15:40","guid":{"rendered":"https:\/\/www.parafiajanow.pl\/?p=4473"},"modified":"2026-08-24T11:16:30","modified_gmt":"2026-08-24T09:16:30","slug":"ogloszenia-23-sierpnia-2026-r","status":"publish","type":"post","link":"https:\/\/www.parafiajanow.pl\/index.php\/2026\/08\/22\/ogloszenia-23-sierpnia-2026-r\/","title":{"rendered":"Og\u0142oszenia &#8211; 23 sierpnia 2026 r."},"content":{"rendered":"<ol>\n<li><span style=\"color: #000000;\">Dzi\u015b od godz. 13.00 do 18.30 wystawienie Naj\u015bwi\u0119tszego Sakramentu do prywatnej adoracji.<\/span><\/li>\n<li><span style=\"color: #000000;\">W poniedzia\u0142ek wspomnienie \u015bw. Bart\u0142omieja, w czwartek \u015bw. Moniki, w pi\u0105tek \u015bw. Augustyna, a w sobot\u0119 m\u0119cze\u0144stwa \u015bw. Jana Chrzciciela.<\/span><\/li>\n<li><span style=\"color: #000000;\">W \u015brod\u0119 w liturgii obchodzimy uroczysto\u015b\u0107 NMP Cz\u0119stochowskiej. Msze \u015aw. o godz. 6.30, 8.00 oraz oko\u0142o 17.15. Nie b\u0119dzie nowenny do MBNP.<\/span><\/li>\n<li><span style=\"color: #000000;\"><strong>W <\/strong><strong>\u015brod\u0119<\/strong> <strong>i czwartek<\/strong><strong> nasza Parafia b\u0119dzie prze\u017cywa\u0142a nawiedzenie Obrazu Jezusa Mi\u0142osiernego. <\/strong>Nasz go\u015b\u0107 ks. Pawe\u0142 codziennie odprawia Msz\u0119 \u015aw. w intencji Parafian. W \u015brod\u0119 Ikona przyniesiona b\u0119dzie w procesji z Sanktuarium do naszego ko\u015bcio\u0142a ulic\u0105 Zamoyskiego, Wiejsk\u0105 i Jana Paw\u0142a II. Miejscem spotkania b\u0119dzie DPS \u201eBarka\u201d. Prosimy o dekoracj\u0119 trasy procesji i mieszka\u0144 (flagi oraz obrazy w oknach). Zapraszamy na procesj\u0119 i wsp\u00f3ln\u0105 modlitw\u0119: dzieci sypi\u0105ce kwiaty, dzieci w strojach pierwszokomunijnych, LSO, schol\u0119, m\u0142odzie\u017c i doros\u0142ych, cz\u0142onk\u00f3w grup formacyjnych ze sztandarami i feretronami, harcerzy, stra\u017cak\u00f3w i poczty sztandarowe instytucji. Szczeg\u00f3\u0142owy program na plakatach i stronie internetowej, transmisja r\u00f3wnie\u017c przez radio na stronie <a href=\"https:\/\/www.diakoniasan.pl\/\"><strong>https:\/\/www.diakoniasan.pl\/<\/strong><\/a>. Taca z Mszy powitania na diecezjalne potrzeby peregrynacji. <strong>Okazja do spowiedzi we wtorek od godz. 19.00 do ostatniej osoby.<\/strong><\/span><\/li>\n<li><span style=\"color: #000000;\"><strong>Przy obrazie b\u0119dzie wy\u0142o\u017cona Ksi\u0119ga Pami\u0105tkowa<\/strong>. Zach\u0119camy do wpisywania do niej swoich osobistych podzi\u0119kowa\u0144, pr\u00f3\u015bb oraz \u015bwiadectw otrzymanych \u0142ask.<\/span><\/li>\n<li><span style=\"color: #000000;\">Przy g\u0142\u00f3wnym wyj\u015bciu z ko\u015bcio\u0142a mo\u017cna naby\u0107 materia\u0142y dekoracyjne oraz pami\u0105tkowe, kt\u00f3re po\u015bwi\u0119cimy podczas Mszy \u015aw. po\u017cegnania w czwartek. Od nas obraz przewieziony b\u0119dzie do Parafii Momoty.<\/span><\/li>\n<li><span style=\"color: #000000;\">Chorych chcemy odwiedzi\u0107 we wtorek od godz. 9.00. Zg\u0142oszenia jeszcze dzi\u015b w zakrystii.<\/span><\/li>\n<li><span style=\"color: #000000;\"><strong>W p<\/strong><strong>oniedzia\u0142ek i \u015brod\u0119<\/strong><strong> kancelaria nieczynna.<\/strong><\/span><\/li>\n<li><span style=\"color: #000000;\">Wsp\u00f3lnota \u201eMetanoia\u201d organizuje pielgrzymk\u0119 \u015bladami b\u0142. ks. Jerzego Popie\u0142uszki na Podlasie od 4 do 6 wrze\u015bnia (pi\u0105tek-niedziela). Koszt &#8211; 700 z\u0142. Zosta\u0142o kilka miejsc, wi\u0119c zapraszamy tak\u017ce osoby spoza wsp\u00f3lnoty. Szczeg\u00f3\u0142y u ks. Kamila.<\/span><\/li>\n<li><span style=\"color: #000000;\">Na dzi\u0119kczynne, parafialne do\u017cynki za tegoroczne plony 13 wrze\u015bnia o godz. 12.00 zapraszamy z wie\u0144cami nie tylko mieszka\u0144c\u00f3w Zofianki G\u00f3rnej i Dolnej, ale r\u00f3wnie\u017c Flis\u00f3w, Szklarni, \u201eObr\u00f3wki\u201d oraz dzia\u0142kowc\u00f3w.<\/span><\/li>\n<li><span style=\"color: #000000;\">Spotkanie organizacyjne dla rodzic\u00f3w uczni\u00f3w klas pierwszych szko\u0142y podstawowej oraz rodzic\u00f3w dzieci z Przedszkola nr 4 b\u0119dzie w czwartek w budynku szko\u0142y i przedszkola przy ul. Ogrodowej 25. Rodzice przedszkolak\u00f3w o godz. 16.30, rodzice uczni\u00f3w klas pierwszych o godz. 17. Szczeg\u00f3\u0142owy harmonogram na stronie internetowej szko\u0142y.<\/span><\/li>\n<li><span style=\"color: #000000;\">Dzi\u0119kujemy za ofiary na potrzeby Parafii \u2013 1000, 600 na kwiaty przy ikonie Mi\u0142osierdzia i 300 z\u0142.<\/span><\/li>\n<li><span style=\"color: #000000;\">W minionym tygodniu do wieczno\u015bci odesz\u0142a: \u015bp. Genowefa Brodowska z ul. Sowiakowskiego, kt\u00f3rej pogrzeb b\u0119dzie w poniedzia\u0142ek. Polecaj\u0105c zmar\u0142ych mi\u0142osierdziu Bo\u017cemu m\u00f3dlmy si\u0119: Wieczne odpoczywanie.<\/span><\/li>\n<\/ol>\n","protected":false},"excerpt":{"rendered":"<p>Dzi\u015b od godz. 13.00 do 18.30 wystawienie Naj\u015bwi\u0119tszego Sakramentu do prywatnej adoracji. W poniedzia\u0142ek wspomnienie \u015bw. Bart\u0142omieja, w czwartek \u015bw. Moniki, w pi\u0105tek \u015bw. Augustyna, a w sobot\u0119 m\u0119cze\u0144stwa \u015bw. Jana Chrzciciela. W \u015brod\u0119 w liturgii obchodzimy uroczysto\u015b\u0107 NMP Cz\u0119stochowskiej. Msze \u015aw. o godz. 6.30, 8.00 oraz oko\u0142o 17.15. Nie [&hellip;]<\/p>\n","protected":false},"author":7,"featured_media":463,"comment_status":"closed","ping_status":"closed","sticky":false,"template":"","format":"standard","meta":{"ngg_post_thumbnail":0,"footnotes":""},"categories":[4],"tags":[],"class_list":["post-4473","post","type-post","status-publish","format-standard","has-post-thumbnail","hentry","category-ogloszenia"],"_links":{"self":[{"href":"https:\/\/www.parafiajanow.pl\/index.php\/wp-json\/wp\/v2\/posts\/4473","targetHints":{"allow":["GET"]}}],"collection":[{"href":"https:\/\/www.parafiajanow.pl\/index.php\/wp-json\/wp\/v2\/posts"}],"about":[{"href":"https:\/\/www.parafiajanow.pl\/index.php\/wp-json\/wp\/v2\/types\/post"}],"author":[{"embeddable":true,"href":"https:\/\/www.parafiajanow.pl\/index.php\/wp-json\/wp\/v2\/users\/7"}],"replies":[{"embeddable":true,"href":"https:\/\/www.parafiajanow.pl\/index.php\/wp-json\/wp\/v2\/comments?post=4473"}],"version-history":[{"count":8,"href":"https:\/\/www.parafiajanow.pl\/index.php\/wp-json\/wp\/v2\/posts\/4473\/revisions"}],"predecessor-version":[{"id":4508,"href":"https:\/\/www.parafiajanow.pl\/index.php\/wp-json\/wp\/v2\/posts\/4473\/revisions\/4508"}],"wp:featuredmedia":[{"embeddable":true,"href":"https:\/\/www.parafiajanow.pl\/index.php\/wp-json\/wp\/v2\/media\/463"}],"wp:attachment":[{"href":"https:\/\/www.parafiajanow.pl\/index.php\/wp-json\/wp\/v2\/media?parent=4473"}],"wp:term":[{"taxonomy":"category","embeddable":true,"href":"https:\/\/www.parafiajanow.pl\/index.php\/wp-json\/wp\/v2\/categories?post=4473"},{"taxonomy":"post_tag","embeddable":true,"href":"https:\/\/www.parafiajanow.pl\/index.php\/wp-json\/wp\/v2\/tags?post=4473"}],"curies":[{"name":"wp","href":"https:\/\/api.w.org\/{rel}","templated":true}]}}