{"id":4445,"date":"2026-08-15T19:37:40","date_gmt":"2026-08-15T17:37:40","guid":{"rendered":"https:\/\/www.parafiajanow.pl\/?p=4445"},"modified":"2026-08-16T12:20:25","modified_gmt":"2026-08-16T10:20:25","slug":"ogloszenia-16-sierpnia-2026-r","status":"publish","type":"post","link":"https:\/\/www.parafiajanow.pl\/index.php\/2026\/08\/15\/ogloszenia-16-sierpnia-2026-r\/","title":{"rendered":"Og\u0142oszenia &#8211; 16 sierpnia 2026 r."},"content":{"rendered":"<ol>\n<li><span style=\"color: #000000;\">Modlimy si\u0119 we wsp\u00f3lnocie Ko\u015bcio\u0142a, aby\u015bmy w\u015br\u00f3d zmienno\u015bci \u015bwiata tam wznie\u015bli nasze serca, gdzie s\u0105 prawdziwe rado\u015bci. Niech w\u015br\u00f3d codziennych obowi\u0105zk\u00f3w nie zabraknie troski o blisko\u015b\u0107 Pana i warto\u015bci nieprzemijaj\u0105ce.<\/span><\/li>\n<li><span style=\"color: #000000;\">Dzi\u015b i w czwartek adoracja Naj\u015bwi\u0119tszego Sakramentu od godz. 17.30.<\/span><\/li>\n<li><span style=\"color: #000000;\">W poniedzia\u0142ek wspominamy \u015aw. Jacka, w czwartek \u015aw. Bernarda, w pi\u0105tek \u015aw. Piusa X, a w sobot\u0119 Naj\u015bwi\u0119tsz\u0105 Maryj\u0119 Pann\u0119 Kr\u00f3low\u0105.<\/span><\/li>\n<li><span style=\"color: #000000;\">Spotkanie Rady Parafialnej w czwartek o godz. 17.00.<\/span><\/li>\n<li><span style=\"color: #000000;\">W niedziel\u0119 przypada 23 dzie\u0144 miesi\u0105ca, dlatego od godz. 13.00 do 18.30 b\u0119dzie wystawienie Naj\u015bwi\u0119tszego Sakramentu do prywatnej adoracji.<\/span><\/li>\n<li><span style=\"color: #000000;\">W niedziel\u0119 w Chrzanowie odpust ku czci \u015aw. Jacka.<\/span><\/li>\n<li><span style=\"color: #000000;\">26 i 27 sierpnia nasza Parafia b\u0119dzie prze\u017cywa\u0142a nawiedzenie Obrazu Jezusa Mi\u0142osiernego. Od przysz\u0142ej niedzieli przygotowaniem duchowym pokieruje zaproszony Go\u015b\u0107. Dzi\u015b i za tydzie\u0144 mo\u017cna naby\u0107 materia\u0142y dekoracyjne oraz pami\u0105tkowe przy g\u0142\u00f3wnym wyj\u015bciu z ko\u015bcio\u0142a.<\/span><\/li>\n<li><span style=\"color: #000000;\">Chorych przed peregrynacj\u0105 ikony Mi\u0142osierdzia Bo\u017cego planujemy odwiedzi\u0107 we wtorek, 25 sierpnia od godz. 9.00. Zg\u0142oszenia do niedzieli w\u0142\u0105cznie.<\/span><\/li>\n<li><span style=\"color: #000000;\">Wsp\u00f3lnota \u201eMetanoia\u201d organizuje pielgrzymk\u0119 \u015bladami b\u0142. ks. Jerzego Popie\u0142uszki na Podlasie od 4 do 6 wrze\u015bnia (pi\u0105tek-niedziela). Koszt &#8211; 700 z\u0142. Zosta\u0142o 10 miejsc, wi\u0119c zapraszamy tak\u017ce osoby spoza wsp\u00f3lnoty. Szczeg\u00f3\u0142y u ks. Kamila.<\/span><\/li>\n<li><span style=\"color: #000000;\">Na dzi\u0119kczynne, parafialne do\u017cynki za tegoroczne plony 13 wrze\u015bnia o godz. 12.00 zapraszamy z wie\u0144cami nie tylko mieszka\u0144c\u00f3w Zofianki G\u00f3rnej i Dolnej, ale r\u00f3wnie\u017c Flis\u00f3w, Szklarni, \u201eObr\u00f3wki\u201d oraz dzia\u0142kowc\u00f3w. Natomiast do\u017cynki dekanalne po\u0142\u0105czone b\u0119d\u0105 z odpustem w Sanktuarium w dniu 8 wrze\u015bnia.<\/span><\/li>\n<li><span style=\"color: #000000;\">M\u0142odzie\u017c naszej Parafii zaprasza na Spektakl muzyczny pt. \u201eSzyba\u201d z piosenkami z musicalu \u201eMetro\u201d, kt\u00f3ry b\u0119dzie w Janowskim O\u015brodku Kultury 16 wrze\u015bnia o godz. 17.00 i 19.00. Poruszy on problem uzale\u017cnienia od narkotyk\u00f3w oraz uka\u017ce si\u0142\u0119 przyja\u017ani. W trakcie b\u0119dzie mo\u017cna wesprze\u0107 finansowo kontynuacj\u0119 rehabilitacji naszej Parafianki Karoliny Brzozowskiej, \u017cony i matki tr\u00f3jki dzieci. Obowi\u0105zkowe darmowe bilety s\u0105 do odebrania w zakrystii. Szczeg\u00f3\u0142y na parafialnym Facebooku.<\/span><\/li>\n<li><span style=\"color: #000000;\">Zach\u0119camy do lektury prasy katolickiej, kt\u00f3ra jest do nabycia w zakrystii oraz korzystania z biblioteki parafialnej czynnej w II i IV niedziel\u0119 miesi\u0105ca.<\/span><\/li>\n<li><span style=\"color: #000000;\">Dzi\u0119kujemy za ofiary na potrzeby Parafii: bezimienne 500 i Zak\u0142ad Pogrzebowy \u201eKuduk\u201d 200 z\u0142.<\/span><\/li>\n<\/ol>\n","protected":false},"excerpt":{"rendered":"<p>Modlimy si\u0119 we wsp\u00f3lnocie Ko\u015bcio\u0142a, aby\u015bmy w\u015br\u00f3d zmienno\u015bci \u015bwiata tam wznie\u015bli nasze serca, gdzie s\u0105 prawdziwe rado\u015bci. Niech w\u015br\u00f3d codziennych obowi\u0105zk\u00f3w nie zabraknie troski o blisko\u015b\u0107 Pana i warto\u015bci nieprzemijaj\u0105ce. Dzi\u015b i w czwartek adoracja Naj\u015bwi\u0119tszego Sakramentu od godz. 17.30. W poniedzia\u0142ek wspominamy \u015aw. Jacka, w czwartek \u015aw. Bernarda, w [&hellip;]<\/p>\n","protected":false},"author":7,"featured_media":463,"comment_status":"closed","ping_status":"closed","sticky":false,"template":"","format":"standard","meta":{"ngg_post_thumbnail":0,"footnotes":""},"categories":[4],"tags":[],"class_list":["post-4445","post","type-post","status-publish","format-standard","has-post-thumbnail","hentry","category-ogloszenia"],"_links":{"self":[{"href":"https:\/\/www.parafiajanow.pl\/index.php\/wp-json\/wp\/v2\/posts\/4445","targetHints":{"allow":["GET"]}}],"collection":[{"href":"https:\/\/www.parafiajanow.pl\/index.php\/wp-json\/wp\/v2\/posts"}],"about":[{"href":"https:\/\/www.parafiajanow.pl\/index.php\/wp-json\/wp\/v2\/types\/post"}],"author":[{"embeddable":true,"href":"https:\/\/www.parafiajanow.pl\/index.php\/wp-json\/wp\/v2\/users\/7"}],"replies":[{"embeddable":true,"href":"https:\/\/www.parafiajanow.pl\/index.php\/wp-json\/wp\/v2\/comments?post=4445"}],"version-history":[{"count":8,"href":"https:\/\/www.parafiajanow.pl\/index.php\/wp-json\/wp\/v2\/posts\/4445\/revisions"}],"predecessor-version":[{"id":4468,"href":"https:\/\/www.parafiajanow.pl\/index.php\/wp-json\/wp\/v2\/posts\/4445\/revisions\/4468"}],"wp:featuredmedia":[{"embeddable":true,"href":"https:\/\/www.parafiajanow.pl\/index.php\/wp-json\/wp\/v2\/media\/463"}],"wp:attachment":[{"href":"https:\/\/www.parafiajanow.pl\/index.php\/wp-json\/wp\/v2\/media?parent=4445"}],"wp:term":[{"taxonomy":"category","embeddable":true,"href":"https:\/\/www.parafiajanow.pl\/index.php\/wp-json\/wp\/v2\/categories?post=4445"},{"taxonomy":"post_tag","embeddable":true,"href":"https:\/\/www.parafiajanow.pl\/index.php\/wp-json\/wp\/v2\/tags?post=4445"}],"curies":[{"name":"wp","href":"https:\/\/api.w.org\/{rel}","templated":true}]}}